{"id":8619,"date":"2026-09-03T09:46:38","date_gmt":"2026-09-03T13:46:38","guid":{"rendered":"https:\/\/lac.wetlands.org\/pt-br\/?p=8619"},"modified":"2026-09-04T09:56:19","modified_gmt":"2026-09-04T13:56:19","slug":"marca-godidiko-amplia-circulacao-da-arte-e-dos-saberes-kadiweu","status":"publish","type":"post","link":"https:\/\/lac.wetlands.org\/pt-br\/marca-godidiko-amplia-circulacao-da-arte-e-dos-saberes-kadiweu\/","title":{"rendered":"Marca Godidiko amplia circula\u00e7\u00e3o da arte e dos saberes Kadiw\u00e9u\u00a0"},"content":{"rendered":"\n<p><em>Com pe\u00e7as produzidas por artistas de quatro aldeias, iniciativa fortalece a produ\u00e7\u00e3o tradicional Kadiw\u00e9u e cria novas possibilidades de acesso a mercados<\/em>&nbsp;<\/p>\n\n\n\n<p>A cer\u00e2mica, os grafismos e os saberes tradicionais Kadiw\u00e9u ganharam uma nova vitrine com o lan\u00e7amento da Godidiko, durante o Festival de Inverno de Bonito 2026 (FIB). Criada a partir do trabalho das artistas do Territ\u00f3rio, a marca amplia as possibilidades de circula\u00e7\u00e3o dessa produ\u00e7\u00e3o e aproxima as pe\u00e7as de novos mercados.&nbsp;<\/p>\n\n\n\n<p>A iniciativa de cria\u00e7\u00e3o da marca \u00e9 resultado de uma constru\u00e7\u00e3o realizada ao longo dos anos entre as comunidades Kadiw\u00e9u, a Wetlands International Brasil e a Mupan \u2013 Mulheres e Lideran\u00e7as pelas \u00c1reas \u00damidas, em a\u00e7\u00f5es voltadas \u00e0 valoriza\u00e7\u00e3o dos modos de vida, dos conhecimentos tradicionais e \u00e0 cria\u00e7\u00e3o de oportunidades de gera\u00e7\u00e3o de renda no territ\u00f3rio.&nbsp;<\/p>\n\n\n\n<figure class=\"wp-block-image size-large\"><img loading=\"lazy\" decoding=\"async\" width=\"1024\" height=\"683\" src=\"https:\/\/lac.wetlands.org\/pt-br\/wp-content\/uploads\/sites\/5\/2026\/09\/IMG_1325-1024x683.jpg\" alt=\"\" class=\"wp-image-8621\" srcset=\"https:\/\/lac.wetlands.org\/pt-br\/wp-content\/uploads\/sites\/5\/2026\/09\/IMG_1325-1024x683.jpg 1024w, https:\/\/lac.wetlands.org\/pt-br\/wp-content\/uploads\/sites\/5\/2026\/09\/IMG_1325-300x200.jpg 300w, https:\/\/lac.wetlands.org\/pt-br\/wp-content\/uploads\/sites\/5\/2026\/09\/IMG_1325-768x512.jpg 768w, https:\/\/lac.wetlands.org\/pt-br\/wp-content\/uploads\/sites\/5\/2026\/09\/IMG_1325-1536x1024.jpg 1536w, https:\/\/lac.wetlands.org\/pt-br\/wp-content\/uploads\/sites\/5\/2026\/09\/IMG_1325-2048x1365.jpg 2048w\" sizes=\"auto, (max-width: 1024px) 100vw, 1024px\" \/><\/figure>\n\n\n\n<p>Ap\u00f3s oito meses de capacita\u00e7\u00e3o em produ\u00e7\u00e3o cer\u00e2mica e acesso ao mercado, as artistas passaram a transformar argila, pigmentos naturais e grafismos tradicionais em pe\u00e7as que carregam hist\u00f3rias e refer\u00eancias do povo Kadiw\u00e9u. Parte dessa produ\u00e7\u00e3o foi apresentada no estande da Economia Criativa do Festival, com vasos, pratos, tigelas, bolsas, camisetas e outros objetos que mostraram ao p\u00fablico diferentes express\u00f5es da cultura Kadiw\u00e9u.&nbsp;<\/p>\n\n\n\n<p>Para Lilian Pereira, coordenadora do componente Modos de Vida da Wetlands International Brasil e da Mupan, a cria\u00e7\u00e3o da marca representa o resultado de uma caminhada iniciada em 2015. \u201cDesde quando chegamos ao territ\u00f3rio, temos atuado na promo\u00e7\u00e3o territorial, tanto na gest\u00e3o ambiental quanto na arte. A gente chegou ao territ\u00f3rio por meio da cer\u00e2mica Kadiw\u00e9u e hoje ver a marca se concretizando \u00e9 um prazer. Eu agrade\u00e7o ao povo Kadiw\u00e9u, que acreditou na nossa parceria e nos chamou para essa constru\u00e7\u00e3o coletiva. E esse \u00e9 um resultado muito positivo de todos esses anos que caminhamos juntos.\u201d&nbsp;<\/p>\n\n\n\n<p>A artista da aldeia Tom\u00e1zia, Neilce da Silva participou pela primeira vez de uma exposi\u00e7\u00e3o. \u201cNa nossa aldeia estamos retomando o trabalho de fazer cer\u00e2mica porque algumas mulheres n\u00e3o faziam mais, e desde o ano passado estamos praticando novamente.\u201d&nbsp;<\/p>\n\n\n\n<p>O processo come\u00e7a muito antes da pe\u00e7a chegar ao p\u00fablico. A argila \u00e9 retirada do pr\u00f3prio territ\u00f3rio, preparada pelas artes\u00e3s e transformada por meio de t\u00e9cnicas tradicionais. Elementos encontrados na natureza tamb\u00e9m s\u00e3o utilizados na pigmenta\u00e7\u00e3o e no acabamento. \u201cS\u00e3o pe\u00e7as \u00fanicas, feitas \u00e0 m\u00e3o, tudo natural. Desde a coleta da argila at\u00e9 a queima e a tintura, \u00e9 tudo da natureza. Nada \u00e9 comprado\u201d, explica Neilce.&nbsp;<\/p>\n\n\n\n<figure class=\"wp-block-image size-large\"><img loading=\"lazy\" decoding=\"async\" width=\"1024\" height=\"576\" src=\"https:\/\/lac.wetlands.org\/pt-br\/wp-content\/uploads\/sites\/5\/2026\/09\/IMG_9670-1024x576.jpeg\" alt=\"\" class=\"wp-image-8622\" srcset=\"https:\/\/lac.wetlands.org\/pt-br\/wp-content\/uploads\/sites\/5\/2026\/09\/IMG_9670-1024x576.jpeg 1024w, https:\/\/lac.wetlands.org\/pt-br\/wp-content\/uploads\/sites\/5\/2026\/09\/IMG_9670-300x169.jpeg 300w, https:\/\/lac.wetlands.org\/pt-br\/wp-content\/uploads\/sites\/5\/2026\/09\/IMG_9670-768x432.jpeg 768w, https:\/\/lac.wetlands.org\/pt-br\/wp-content\/uploads\/sites\/5\/2026\/09\/IMG_9670-1536x864.jpeg 1536w, https:\/\/lac.wetlands.org\/pt-br\/wp-content\/uploads\/sites\/5\/2026\/09\/IMG_9670-2048x1152.jpeg 2048w\" sizes=\"auto, (max-width: 1024px) 100vw, 1024px\" \/><\/figure>\n\n\n\n<h2 class=\"wp-block-heading\"><strong>Grafismos que carregam identidade<\/strong>&nbsp;<\/h2>\n\n\n\n<p>Os grafismos Kadiw\u00e9u ocupam um lugar central na produ\u00e7\u00e3o apresentada pela Godidiko. Presentes nas cer\u00e2micas, tecidos, bolsas e camisetas, eles fazem parte de um sistema de express\u00e3o pr\u00f3prio do povo e est\u00e3o relacionados \u00e0 sua hist\u00f3ria e identidade.&nbsp;<\/p>\n\n\n\n<p>A estilista Kadiw\u00e9u Benilda Verg\u00edlio, que participou do lan\u00e7amento, chama aten\u00e7\u00e3o para a import\u00e2ncia de manter vivos diferentes conhecimentos que fazem parte da cultura do povo. \u201c\u00c9 muito importante essa revitaliza\u00e7\u00e3o cultural, n\u00e3o s\u00f3 da arte, mas tamb\u00e9m dessa preocupa\u00e7\u00e3o com rela\u00e7\u00e3o \u00e0 l\u00edngua do povo Kadiw\u00e9u. Ela \u00e9 \u00fanica no Brasil.\u201d&nbsp;<\/p>\n\n\n\n<p>Para Benilda, ouvir as pr\u00f3prias mulheres falando sobre a retomada da produ\u00e7\u00e3o tamb\u00e9m representa uma possibilidade de olhar novamente para conhecimentos que precisam continuar sendo praticados. \u201cOuvir a fala da Neilce faz voc\u00ea come\u00e7ar a sonhar novamente, porque muitas coisas estamos perdendo pelo caminho. Nosso grafismo tem dono. A gente consegue identificar eles. E o que temos que fazer, enquanto cidad\u00e3os e tamb\u00e9m parte dessas gest\u00f5es, \u00e9 tentar dar visibilidade para esse povo.\u201d&nbsp;<\/p>\n\n\n\n<h2 class=\"wp-block-heading\"><strong>Novos caminhos para uma produ\u00e7\u00e3o tradicional<\/strong>&nbsp;<\/h2>\n\n\n\n<p>Al\u00e9m de dar visibilidade ao trabalho das artistas, a Godidiko nasce com o prop\u00f3sito de ampliar as possibilidades de comercializa\u00e7\u00e3o da produ\u00e7\u00e3o Kadiw\u00e9u e aproximar as mulheres de novos mercados.&nbsp;<\/p>\n\n\n\n<figure class=\"wp-block-image size-large\"><img loading=\"lazy\" decoding=\"async\" width=\"1024\" height=\"683\" src=\"https:\/\/lac.wetlands.org\/pt-br\/wp-content\/uploads\/sites\/5\/2026\/09\/MG_1283-1024x683.jpg\" alt=\"\" class=\"wp-image-8624\" srcset=\"https:\/\/lac.wetlands.org\/pt-br\/wp-content\/uploads\/sites\/5\/2026\/09\/MG_1283-1024x683.jpg 1024w, https:\/\/lac.wetlands.org\/pt-br\/wp-content\/uploads\/sites\/5\/2026\/09\/MG_1283-300x200.jpg 300w, https:\/\/lac.wetlands.org\/pt-br\/wp-content\/uploads\/sites\/5\/2026\/09\/MG_1283-768x512.jpg 768w, https:\/\/lac.wetlands.org\/pt-br\/wp-content\/uploads\/sites\/5\/2026\/09\/MG_1283-1536x1024.jpg 1536w, https:\/\/lac.wetlands.org\/pt-br\/wp-content\/uploads\/sites\/5\/2026\/09\/MG_1283-2048x1365.jpg 2048w\" sizes=\"auto, (max-width: 1024px) 100vw, 1024px\" \/><\/figure>\n\n\n\n<p>O Kadiw\u00e9u Gilberto Pires, Coordenador t\u00e9cnico da Funai em Bonito, lembrou que a busca por reconhecimento do trabalho das artes\u00e3s \u00e9 antiga. \u201cH\u00e1 muitos anos n\u00f3s estamos lutando, buscando esses espa\u00e7os, buscando parcerias, e \u00e9 um sonho ver o reconhecimento do trabalho tradicional milenar do povo Kadiw\u00e9u, porque muitas vezes as artes\u00e3s vinham para vender e tinham seu trabalho desvalorizado. Ent\u00e3o eu me orgulho de fazer parte dessa conquista juntamente com as mulheres.\u201d&nbsp;<\/p>\n\n\n\n<p>A cria\u00e7\u00e3o da Godidiko \u00e9 resultado das a\u00e7\u00f5es de Qualifica\u00e7\u00e3o Produtiva, Design Estrat\u00e9gico e Acesso ao Mercado, com capacita\u00e7\u00f5es orientadas pelo design F\u00e1bio Lapuente, voltadas ao aperfei\u00e7oamento da produ\u00e7\u00e3o, \u00e0 apresenta\u00e7\u00e3o das pe\u00e7as e \u00e0 organiza\u00e7\u00e3o dos produtos para ampliar as possibilidades de acesso a diferentes mercados. A iniciativa tamb\u00e9m responde a demandas apresentadas pelas pr\u00f3prias artistas durante a elabora\u00e7\u00e3o do Plano de Gest\u00e3o Territorial e Ambiental (PGTA), que apontou a necessidade de fortalecer a produ\u00e7\u00e3o de artesanato no territ\u00f3rio.&nbsp;<\/p>\n\n\n\n<p>A a\u00e7\u00e3o \u00e9 desenvolvida pela Wetlands International Brasil e pela Mupan \u2013 Mulheres e Lideran\u00e7as pelas \u00c1reas \u00damidas, organiza\u00e7\u00f5es que atuam junto ao povo Kadiw\u00e9u desde 2015. Desde 2017, esse trabalho tamb\u00e9m integra a\u00e7\u00f5es do Programa Corredor Azul.&nbsp;&nbsp;<\/p>\n\n\n\n<p>Conhe\u00e7a a Godidiko e confira o <a href=\"https:\/\/www.mupan.org.br\/godidiko\/\" target=\"_blank\" rel=\"noreferrer noopener\">cat\u00e1logo da marca<\/a>&nbsp;<\/p>\n\n\n\n\t\t\n\t<div class=\"aligncenter\" data-name=\"acf\/block-slider-gallery\">\n\t\t<section class=\"flex flex-col gap-4\">\n\n\t\t\t\t\t\t\t<h2 class=\"screen-reader-text\">A slideshow with 9 images<\/h2>\n\t\t\t\n\t\t\t\t\t\t\t<p class=\"screen-reader-text\">The slider is set to loop infinitely.<\/p>\n\t\t\t\n\t\t\t\t\t\t\t\t\t\t\t\n\t\t\t\t\n\t\t\t\t\n<div class=\"slider-gallery\">\n\t<div class=\"swiper\" data-module=\"slider-gallery\" data-config=\"{&quot;id&quot;:&quot;slider-gallery-6a9bb1fc44681&quot;,&quot;loop_slides&quot;:true}\">\n\t\t<div class=\"swiper-wrapper\">\n\t\t\t\t\t\t\t\t\t\t\t\t\t\t\t<div class=\"swiper-slide\" aria-hidden=\"true\" >\n\t\t\t\t\t<figure class=\"swiper-slide__item\">\n\n\t\t\t\t\t\t<img loading=\"lazy\" decoding=\"async\" width=\"1024\" height=\"683\" src=\"https:\/\/lac.wetlands.org\/pt-br\/wp-content\/uploads\/sites\/5\/2026\/09\/MG_1283-1024x683.jpg\" class=\"attachment-large size-large\" alt=\"\" sizes=\"auto, (max-width: 722px) 100vw, 722px\" srcset=\"https:\/\/lac.wetlands.org\/pt-br\/wp-content\/uploads\/sites\/5\/2026\/09\/MG_1283-1024x683.jpg 1024w, https:\/\/lac.wetlands.org\/pt-br\/wp-content\/uploads\/sites\/5\/2026\/09\/MG_1283-300x200.jpg 300w, https:\/\/lac.wetlands.org\/pt-br\/wp-content\/uploads\/sites\/5\/2026\/09\/MG_1283-768x512.jpg 768w, https:\/\/lac.wetlands.org\/pt-br\/wp-content\/uploads\/sites\/5\/2026\/09\/MG_1283-1536x1024.jpg 1536w, https:\/\/lac.wetlands.org\/pt-br\/wp-content\/uploads\/sites\/5\/2026\/09\/MG_1283-2048x1365.jpg 2048w\" \/>\n\n\t\t\t\t\t\t\n\t\t\t\t\t<\/figure>\n\t\t\t\t<\/div>\n\t\t\t\t\t\t\t\t\t\t\t\t\t\t\t<div class=\"swiper-slide\" aria-hidden=\"true\" >\n\t\t\t\t\t<figure class=\"swiper-slide__item\">\n\n\t\t\t\t\t\t<img loading=\"lazy\" decoding=\"async\" width=\"1024\" height=\"576\" src=\"https:\/\/lac.wetlands.org\/pt-br\/wp-content\/uploads\/sites\/5\/2026\/09\/IMG_9670-1024x576.jpeg\" class=\"attachment-large size-large\" alt=\"\" sizes=\"auto, (max-width: 722px) 100vw, 722px\" srcset=\"https:\/\/lac.wetlands.org\/pt-br\/wp-content\/uploads\/sites\/5\/2026\/09\/IMG_9670-1024x576.jpeg 1024w, https:\/\/lac.wetlands.org\/pt-br\/wp-content\/uploads\/sites\/5\/2026\/09\/IMG_9670-300x169.jpeg 300w, https:\/\/lac.wetlands.org\/pt-br\/wp-content\/uploads\/sites\/5\/2026\/09\/IMG_9670-768x432.jpeg 768w, https:\/\/lac.wetlands.org\/pt-br\/wp-content\/uploads\/sites\/5\/2026\/09\/IMG_9670-1536x864.jpeg 1536w, https:\/\/lac.wetlands.org\/pt-br\/wp-content\/uploads\/sites\/5\/2026\/09\/IMG_9670-2048x1152.jpeg 2048w\" \/>\n\n\t\t\t\t\t\t\n\t\t\t\t\t<\/figure>\n\t\t\t\t<\/div>\n\t\t\t\t\t\t\t\t\t\t\t\t\t\t\t<div class=\"swiper-slide\" aria-hidden=\"true\" >\n\t\t\t\t\t<figure class=\"swiper-slide__item\">\n\n\t\t\t\t\t\t<img loading=\"lazy\" decoding=\"async\" width=\"1024\" height=\"683\" src=\"https:\/\/lac.wetlands.org\/pt-br\/wp-content\/uploads\/sites\/5\/2026\/09\/IMG_1325-1024x683.jpg\" class=\"attachment-large size-large\" alt=\"\" sizes=\"auto, (max-width: 722px) 100vw, 722px\" srcset=\"https:\/\/lac.wetlands.org\/pt-br\/wp-content\/uploads\/sites\/5\/2026\/09\/IMG_1325-1024x683.jpg 1024w, https:\/\/lac.wetlands.org\/pt-br\/wp-content\/uploads\/sites\/5\/2026\/09\/IMG_1325-300x200.jpg 300w, https:\/\/lac.wetlands.org\/pt-br\/wp-content\/uploads\/sites\/5\/2026\/09\/IMG_1325-768x512.jpg 768w, https:\/\/lac.wetlands.org\/pt-br\/wp-content\/uploads\/sites\/5\/2026\/09\/IMG_1325-1536x1024.jpg 1536w, https:\/\/lac.wetlands.org\/pt-br\/wp-content\/uploads\/sites\/5\/2026\/09\/IMG_1325-2048x1365.jpg 2048w\" \/>\n\n\t\t\t\t\t\t\n\t\t\t\t\t<\/figure>\n\t\t\t\t<\/div>\n\t\t\t\t\t\t\t\t\t\t\t\t\t\t\t<div class=\"swiper-slide\" aria-hidden=\"true\" >\n\t\t\t\t\t<figure class=\"swiper-slide__item\">\n\n\t\t\t\t\t\t<img loading=\"lazy\" decoding=\"async\" width=\"1024\" height=\"576\" src=\"https:\/\/lac.wetlands.org\/pt-br\/wp-content\/uploads\/sites\/5\/2026\/09\/IMG_9867-1024x576.jpeg\" class=\"attachment-large size-large\" alt=\"Lan\u00e7amento Godidiko\" sizes=\"auto, (max-width: 722px) 100vw, 722px\" srcset=\"https:\/\/lac.wetlands.org\/pt-br\/wp-content\/uploads\/sites\/5\/2026\/09\/IMG_9867-1024x576.jpeg 1024w, https:\/\/lac.wetlands.org\/pt-br\/wp-content\/uploads\/sites\/5\/2026\/09\/IMG_9867-300x169.jpeg 300w, https:\/\/lac.wetlands.org\/pt-br\/wp-content\/uploads\/sites\/5\/2026\/09\/IMG_9867-768x432.jpeg 768w, https:\/\/lac.wetlands.org\/pt-br\/wp-content\/uploads\/sites\/5\/2026\/09\/IMG_9867-1536x864.jpeg 1536w, https:\/\/lac.wetlands.org\/pt-br\/wp-content\/uploads\/sites\/5\/2026\/09\/IMG_9867-2048x1152.jpeg 2048w\" \/>\n\n\t\t\t\t\t\t\n\t\t\t\t\t<\/figure>\n\t\t\t\t<\/div>\n\t\t\t\t\t\t\t\t\t\t\t\t\t\t\t<div class=\"swiper-slide\" aria-hidden=\"true\" >\n\t\t\t\t\t<figure class=\"swiper-slide__item\">\n\n\t\t\t\t\t\t<img loading=\"lazy\" decoding=\"async\" width=\"1024\" height=\"683\" src=\"https:\/\/lac.wetlands.org\/pt-br\/wp-content\/uploads\/sites\/5\/2026\/08\/IMG_1196-1024x683.jpg\" class=\"attachment-large size-large\" alt=\"\" sizes=\"auto, (max-width: 722px) 100vw, 722px\" srcset=\"https:\/\/lac.wetlands.org\/pt-br\/wp-content\/uploads\/sites\/5\/2026\/08\/IMG_1196-1024x683.jpg 1024w, https:\/\/lac.wetlands.org\/pt-br\/wp-content\/uploads\/sites\/5\/2026\/08\/IMG_1196-300x200.jpg 300w, https:\/\/lac.wetlands.org\/pt-br\/wp-content\/uploads\/sites\/5\/2026\/08\/IMG_1196-768x512.jpg 768w, https:\/\/lac.wetlands.org\/pt-br\/wp-content\/uploads\/sites\/5\/2026\/08\/IMG_1196-1536x1024.jpg 1536w, https:\/\/lac.wetlands.org\/pt-br\/wp-content\/uploads\/sites\/5\/2026\/08\/IMG_1196-2048x1365.jpg 2048w\" \/>\n\n\t\t\t\t\t\t\n\t\t\t\t\t<\/figure>\n\t\t\t\t<\/div>\n\t\t\t\t\t\t\t\t\t\t\t\t\t\t\t<div class=\"swiper-slide\" aria-hidden=\"true\" >\n\t\t\t\t\t<figure class=\"swiper-slide__item\">\n\n\t\t\t\t\t\t<img loading=\"lazy\" decoding=\"async\" width=\"1024\" height=\"550\" src=\"https:\/\/lac.wetlands.org\/pt-br\/wp-content\/uploads\/sites\/5\/2026\/08\/IMG_1155-scaled-e1787945884245-1024x550.jpg\" class=\"attachment-large size-large\" alt=\"\" sizes=\"auto, (max-width: 722px) 100vw, 722px\" srcset=\"https:\/\/lac.wetlands.org\/pt-br\/wp-content\/uploads\/sites\/5\/2026\/08\/IMG_1155-scaled-e1787945884245-1024x550.jpg 1024w, https:\/\/lac.wetlands.org\/pt-br\/wp-content\/uploads\/sites\/5\/2026\/08\/IMG_1155-scaled-e1787945884245-300x161.jpg 300w, https:\/\/lac.wetlands.org\/pt-br\/wp-content\/uploads\/sites\/5\/2026\/08\/IMG_1155-scaled-e1787945884245-768x412.jpg 768w, https:\/\/lac.wetlands.org\/pt-br\/wp-content\/uploads\/sites\/5\/2026\/08\/IMG_1155-scaled-e1787945884245.jpg 1300w\" \/>\n\n\t\t\t\t\t\t\n\t\t\t\t\t<\/figure>\n\t\t\t\t<\/div>\n\t\t\t\t\t\t\t\t\t\t\t\t\t\t\t<div class=\"swiper-slide\" aria-hidden=\"true\" >\n\t\t\t\t\t<figure class=\"swiper-slide__item\">\n\n\t\t\t\t\t\t<img loading=\"lazy\" decoding=\"async\" width=\"1024\" height=\"576\" src=\"https:\/\/lac.wetlands.org\/pt-br\/wp-content\/uploads\/sites\/5\/2026\/08\/IMG_9109-edited-1024x576.jpeg\" class=\"attachment-large size-large\" alt=\"\" sizes=\"auto, (max-width: 722px) 100vw, 722px\" srcset=\"https:\/\/lac.wetlands.org\/pt-br\/wp-content\/uploads\/sites\/5\/2026\/08\/IMG_9109-edited-1024x576.jpeg 1024w, https:\/\/lac.wetlands.org\/pt-br\/wp-content\/uploads\/sites\/5\/2026\/08\/IMG_9109-edited-300x169.jpeg 300w, https:\/\/lac.wetlands.org\/pt-br\/wp-content\/uploads\/sites\/5\/2026\/08\/IMG_9109-edited-768x432.jpeg 768w, https:\/\/lac.wetlands.org\/pt-br\/wp-content\/uploads\/sites\/5\/2026\/08\/IMG_9109-edited.jpeg 1351w\" \/>\n\n\t\t\t\t\t\t\n\t\t\t\t\t<\/figure>\n\t\t\t\t<\/div>\n\t\t\t\t\t\t\t\t\t\t\t\t\t\t\t<div class=\"swiper-slide\" aria-hidden=\"true\" >\n\t\t\t\t\t<figure class=\"swiper-slide__item\">\n\n\t\t\t\t\t\t<img loading=\"lazy\" decoding=\"async\" width=\"1024\" height=\"865\" src=\"https:\/\/lac.wetlands.org\/pt-br\/wp-content\/uploads\/sites\/5\/2026\/09\/IMG_9957-1-1024x865.jpeg\" class=\"attachment-large size-large\" alt=\"\" sizes=\"auto, (max-width: 722px) 100vw, 722px\" srcset=\"https:\/\/lac.wetlands.org\/pt-br\/wp-content\/uploads\/sites\/5\/2026\/09\/IMG_9957-1-1024x865.jpeg 1024w, https:\/\/lac.wetlands.org\/pt-br\/wp-content\/uploads\/sites\/5\/2026\/09\/IMG_9957-1-300x254.jpeg 300w, https:\/\/lac.wetlands.org\/pt-br\/wp-content\/uploads\/sites\/5\/2026\/09\/IMG_9957-1-768x649.jpeg 768w, https:\/\/lac.wetlands.org\/pt-br\/wp-content\/uploads\/sites\/5\/2026\/09\/IMG_9957-1.jpeg 1330w\" \/>\n\n\t\t\t\t\t\t\n\t\t\t\t\t<\/figure>\n\t\t\t\t<\/div>\n\t\t\t\t\t\t\t\t\t\t\t\t\t\t\t<div class=\"swiper-slide\" aria-hidden=\"true\" >\n\t\t\t\t\t<figure class=\"swiper-slide__item\">\n\n\t\t\t\t\t\t<img loading=\"lazy\" decoding=\"async\" width=\"1024\" height=\"576\" src=\"https:\/\/lac.wetlands.org\/pt-br\/wp-content\/uploads\/sites\/5\/2026\/09\/IMG_9901-1024x576.jpeg\" class=\"attachment-large size-large\" alt=\"\" sizes=\"auto, (max-width: 722px) 100vw, 722px\" srcset=\"https:\/\/lac.wetlands.org\/pt-br\/wp-content\/uploads\/sites\/5\/2026\/09\/IMG_9901-1024x576.jpeg 1024w, https:\/\/lac.wetlands.org\/pt-br\/wp-content\/uploads\/sites\/5\/2026\/09\/IMG_9901-300x169.jpeg 300w, https:\/\/lac.wetlands.org\/pt-br\/wp-content\/uploads\/sites\/5\/2026\/09\/IMG_9901-768x432.jpeg 768w, https:\/\/lac.wetlands.org\/pt-br\/wp-content\/uploads\/sites\/5\/2026\/09\/IMG_9901-1536x864.jpeg 1536w, https:\/\/lac.wetlands.org\/pt-br\/wp-content\/uploads\/sites\/5\/2026\/09\/IMG_9901-2048x1152.jpeg 2048w\" \/>\n\n\t\t\t\t\t\t\n\t\t\t\t\t<\/figure>\n\t\t\t\t<\/div>\n\t\t\t\t\t<\/div>\n\t<\/div>\n\n\t<div class=\"slider-gallery__meta\">\n\t\t<div class=\"slider-gallery__caption\" aria-hidden=\"true\">\n\t\t\t<div class=\"js-slider-caption\"><\/div>\n\t\t<\/div>\n\n\t\t<div class=\"slider-gallery__nav\">\n\t\t\t<span class=\"screen-reader-text\">Gallery navigation<\/span>\n\t\t\t<div class=\"slider-gallery__arrows\">\n\t\t\t\t<span class=\"screen-reader-text\">Gallery navigation arrows<\/span>\n\t\t\t\t<div class=\"slider-gallery__prev\">\n\t\t\t\t\t\n\n\n<button\n\tclass=\"btn btn--primary&#x20;btn--square&#x20;btn--small&#x20;js-swiper-prev-slider-gallery-6a9bb1fc44681\"\n\t\t\t\t\t\t\t\taria-label=\"Go&#x20;to&#x20;previous&#x20;image\"\n\t\t\t\t\t\t>\n\t\n\t\n\t\t\t\t\t\t<span class=\"btn__icon\">\n\t\t\t<span class=\"icon-inline icon-arrow-left\" aria-hidden=\"true\"><svg width=\"24\" height=\"24\" viewBox=\"0 0 24 24\" fill=\"none\" xmlns=\"http:\/\/www.w3.org\/2000\/svg\"><g clip-path=\"url(#a)\"><path d=\"M3.97 16.28a.75.75 0 0 0 1.06-1.06l-2.47-2.47h20.69a.75.75 0 0 0 0-1.5H2.56l2.47-2.47a.75.75 0 0 0-1.06-1.06L.22 11.47a.748.748 0 0 0 0 1.06l3.75 3.75Z\" fill=\"#1A1A1A\"\/><\/g><defs><clipPath id=\"a\"><path fill=\"#fff\" d=\"M0 0h24v24H0z\"\/><\/clipPath><\/defs><\/svg>\n<\/span>\n\n\t\t\t\t\t<\/span>\n\t\n\t<\/button>\n\t\t\t\t<\/div>\n\t\t\t\t<div class=\"slider-gallery__next\">\n\t\t\t\t\t\n\n\n<button\n\tclass=\"btn btn--primary&#x20;btn--square&#x20;btn--small&#x20;js-swiper-next-slider-gallery-6a9bb1fc44681\"\n\t\t\t\t\t\t\t\taria-label=\"Go&#x20;to&#x20;next&#x20;image\"\n\t\t\t\t\t\t>\n\t\n\t\n\t\t\t\t\t\t<span class=\"btn__icon\">\n\t\t\t<span class=\"icon-inline icon-arrow-right\" aria-hidden=\"true\"><svg width=\"24\" height=\"24\" viewBox=\"0 0 24 24\" fill=\"none\" xmlns=\"http:\/\/www.w3.org\/2000\/svg\"><path d=\"M20.03 7.72a.75.75 0 1 0-1.06 1.06l2.47 2.47H.75a.75.75 0 0 0 0 1.5h20.69l-2.47 2.47a.75.75 0 1 0 1.06 1.06l3.75-3.75a.747.747 0 0 0 0-1.06l-3.75-3.75Z\" fill=\"#1A1A1A\"\/><\/svg>\n<\/span>\n\n\t\t\t\t\t<\/span>\n\t\n\t<\/button>\n\t\t\t\t<\/div>\n\t\t\t<\/div>\n\t\t\t<div class=\"slider-gallery__pagination\">\n\t\t\t\t<div class=\"swiper-pagination js-swiper-pagination-slider-gallery-6a9bb1fc44681\"><\/div>\n\t\t\t<\/div>\n\t\t<\/div>\n\t<\/div>\n<\/div>\n\t\t\t\n\t\t<\/section>\n\t<\/div>\n\n\n","protected":false},"excerpt":{"rendered":"<p>Com pe\u00e7as produzidas por artistas de quatro aldeias, iniciativa fortalece a produ\u00e7\u00e3o tradicional Kadiw\u00e9u e cria novas possibilidades de acesso a mercados&nbsp; A cer\u00e2mica, os grafismos e os saberes tradicionais Kadiw\u00e9u ganharam uma nova vitrine com o lan\u00e7amento da Godidiko, durante o Festival de Inverno de Bonito 2026 (FIB). Criada a partir do trabalho das [&hellip;]<\/p>\n","protected":false},"author":40,"featured_media":8620,"comment_status":"closed","ping_status":"closed","sticky":false,"template":"","format":"standard","meta":{"_acf_changed":false,"_monsterinsights_skip_tracking":false,"_monsterinsights_sitenote_active":false,"_monsterinsights_sitenote_note":"","_monsterinsights_sitenote_category":0,"ep_exclude_from_search":false,"editor_notices":[],"footnotes":""},"wl_issue":[],"wl_topic":[],"wl_type":[23],"class_list":["post-8619","post","type-post","status-publish","format-standard","has-post-thumbnail","hentry","wl_type-noticias-e-publicacoes"],"acf":[],"yoast_head":"<!-- This site is optimized with the Yoast SEO plugin v28.3 - https:\/\/yoast.com\/product\/yoast-seo-wordpress\/ -->\n<title>Marca Godidiko amplia circula\u00e7\u00e3o da arte e dos saberes Kadiw\u00e9u\u00a0 - Wetlands International Brazil<\/title>\n<meta name=\"robots\" content=\"index, follow, max-snippet:-1, max-image-preview:large, max-video-preview:-1\" \/>\n<link rel=\"canonical\" href=\"https:\/\/lac.wetlands.org\/pt-br\/marca-godidiko-amplia-circulacao-da-arte-e-dos-saberes-kadiweu\/\" \/>\n<meta property=\"og:locale\" content=\"pt_BR\" \/>\n<meta property=\"og:type\" content=\"article\" \/>\n<meta property=\"og:title\" content=\"Marca Godidiko amplia circula\u00e7\u00e3o da arte e dos saberes Kadiw\u00e9u\u00a0 - Wetlands International Brazil\" \/>\n<meta property=\"og:description\" content=\"Com pe\u00e7as produzidas por artistas de quatro aldeias, iniciativa fortalece a produ\u00e7\u00e3o tradicional Kadiw\u00e9u e cria novas possibilidades de acesso a mercados&nbsp; A cer\u00e2mica, os grafismos e os saberes tradicionais Kadiw\u00e9u ganharam uma nova vitrine com o lan\u00e7amento da Godidiko, durante o Festival de Inverno de Bonito 2026 (FIB). Criada a partir do trabalho das [&hellip;]\" \/>\n<meta property=\"og:url\" content=\"https:\/\/lac.wetlands.org\/pt-br\/marca-godidiko-amplia-circulacao-da-arte-e-dos-saberes-kadiweu\/\" \/>\n<meta property=\"og:site_name\" content=\"Wetlands International Brazil\" \/>\n<meta property=\"article:publisher\" content=\"https:\/\/www.facebook.com\/WetlandsIntBR\" \/>\n<meta property=\"article:published_time\" content=\"2026-09-03T13:46:38+00:00\" \/>\n<meta property=\"article:modified_time\" content=\"2026-09-04T13:56:19+00:00\" \/>\n<meta property=\"og:image\" content=\"https:\/\/lac.wetlands.org\/pt-br\/wp-content\/uploads\/sites\/5\/2026\/09\/IMG_9867.jpeg\" \/>\n\t<meta property=\"og:image:width\" content=\"2364\" \/>\n\t<meta property=\"og:image:height\" content=\"1330\" \/>\n\t<meta property=\"og:image:type\" content=\"image\/jpeg\" \/>\n<meta name=\"author\" content=\"Igor\" \/>\n<meta name=\"twitter:card\" content=\"summary_large_image\" \/>\n<meta name=\"twitter:label1\" content=\"Escrito por\" \/>\n\t<meta name=\"twitter:data1\" content=\"Igor\" \/>\n\t<meta name=\"twitter:label2\" content=\"Est. tempo de leitura\" \/>\n\t<meta name=\"twitter:data2\" content=\"6 minutos\" \/>\n<script type=\"application\/ld+json\" class=\"yoast-schema-graph\">{\"@context\":\"https:\\\/\\\/schema.org\",\"@graph\":[{\"@type\":\"Article\",\"@id\":\"https:\\\/\\\/lac.wetlands.org\\\/pt-br\\\/marca-godidiko-amplia-circulacao-da-arte-e-dos-saberes-kadiweu\\\/#article\",\"isPartOf\":{\"@id\":\"https:\\\/\\\/lac.wetlands.org\\\/pt-br\\\/marca-godidiko-amplia-circulacao-da-arte-e-dos-saberes-kadiweu\\\/\"},\"author\":{\"name\":\"Igor\",\"@id\":\"https:\\\/\\\/lac.wetlands.org\\\/pt-br\\\/#\\\/schema\\\/person\\\/95a0a5676baba83e8213ae74143c5efc\"},\"headline\":\"Marca Godidiko amplia circula\u00e7\u00e3o da arte e dos saberes Kadiw\u00e9u\u00a0\",\"datePublished\":\"2026-09-03T13:46:38+00:00\",\"dateModified\":\"2026-09-04T13:56:19+00:00\",\"mainEntityOfPage\":{\"@id\":\"https:\\\/\\\/lac.wetlands.org\\\/pt-br\\\/marca-godidiko-amplia-circulacao-da-arte-e-dos-saberes-kadiweu\\\/\"},\"wordCount\":927,\"publisher\":{\"@id\":\"https:\\\/\\\/lac.wetlands.org\\\/pt-br\\\/#organization\"},\"image\":{\"@id\":\"https:\\\/\\\/lac.wetlands.org\\\/pt-br\\\/marca-godidiko-amplia-circulacao-da-arte-e-dos-saberes-kadiweu\\\/#primaryimage\"},\"thumbnailUrl\":\"https:\\\/\\\/lac.wetlands.org\\\/pt-br\\\/wp-content\\\/uploads\\\/sites\\\/5\\\/2026\\\/09\\\/IMG_9867.jpeg\",\"inLanguage\":\"pt-BR\"},{\"@type\":\"WebPage\",\"@id\":\"https:\\\/\\\/lac.wetlands.org\\\/pt-br\\\/marca-godidiko-amplia-circulacao-da-arte-e-dos-saberes-kadiweu\\\/\",\"url\":\"https:\\\/\\\/lac.wetlands.org\\\/pt-br\\\/marca-godidiko-amplia-circulacao-da-arte-e-dos-saberes-kadiweu\\\/\",\"name\":\"Marca Godidiko amplia circula\u00e7\u00e3o da arte e dos saberes Kadiw\u00e9u\u00a0 - Wetlands International Brazil\",\"isPartOf\":{\"@id\":\"https:\\\/\\\/lac.wetlands.org\\\/pt-br\\\/#website\"},\"primaryImageOfPage\":{\"@id\":\"https:\\\/\\\/lac.wetlands.org\\\/pt-br\\\/marca-godidiko-amplia-circulacao-da-arte-e-dos-saberes-kadiweu\\\/#primaryimage\"},\"image\":{\"@id\":\"https:\\\/\\\/lac.wetlands.org\\\/pt-br\\\/marca-godidiko-amplia-circulacao-da-arte-e-dos-saberes-kadiweu\\\/#primaryimage\"},\"thumbnailUrl\":\"https:\\\/\\\/lac.wetlands.org\\\/pt-br\\\/wp-content\\\/uploads\\\/sites\\\/5\\\/2026\\\/09\\\/IMG_9867.jpeg\",\"datePublished\":\"2026-09-03T13:46:38+00:00\",\"dateModified\":\"2026-09-04T13:56:19+00:00\",\"breadcrumb\":{\"@id\":\"https:\\\/\\\/lac.wetlands.org\\\/pt-br\\\/marca-godidiko-amplia-circulacao-da-arte-e-dos-saberes-kadiweu\\\/#breadcrumb\"},\"inLanguage\":\"pt-BR\",\"potentialAction\":[{\"@type\":\"ReadAction\",\"target\":[\"https:\\\/\\\/lac.wetlands.org\\\/pt-br\\\/marca-godidiko-amplia-circulacao-da-arte-e-dos-saberes-kadiweu\\\/\"]}]},{\"@type\":\"ImageObject\",\"inLanguage\":\"pt-BR\",\"@id\":\"https:\\\/\\\/lac.wetlands.org\\\/pt-br\\\/marca-godidiko-amplia-circulacao-da-arte-e-dos-saberes-kadiweu\\\/#primaryimage\",\"url\":\"https:\\\/\\\/lac.wetlands.org\\\/pt-br\\\/wp-content\\\/uploads\\\/sites\\\/5\\\/2026\\\/09\\\/IMG_9867.jpeg\",\"contentUrl\":\"https:\\\/\\\/lac.wetlands.org\\\/pt-br\\\/wp-content\\\/uploads\\\/sites\\\/5\\\/2026\\\/09\\\/IMG_9867.jpeg\",\"width\":2364,\"height\":1330,\"caption\":\"Lan\u00e7amento Godidiko\"},{\"@type\":\"BreadcrumbList\",\"@id\":\"https:\\\/\\\/lac.wetlands.org\\\/pt-br\\\/marca-godidiko-amplia-circulacao-da-arte-e-dos-saberes-kadiweu\\\/#breadcrumb\",\"itemListElement\":[{\"@type\":\"ListItem\",\"position\":1,\"name\":\"Home\",\"item\":\"https:\\\/\\\/lac.wetlands.org\\\/pt-br\\\/\"},{\"@type\":\"ListItem\",\"position\":2,\"name\":\"Marca Godidiko amplia circula\u00e7\u00e3o da arte e dos saberes Kadiw\u00e9u\u00a0\"}]},{\"@type\":\"WebSite\",\"@id\":\"https:\\\/\\\/lac.wetlands.org\\\/pt-br\\\/#website\",\"url\":\"https:\\\/\\\/lac.wetlands.org\\\/pt-br\\\/\",\"name\":\"Wetlands International Brazil\",\"description\":\"Para inspirar e mobilizar a sociedade a proteger e restaurar as \u00e1reas \u00famidas para as pessoas e a natureza.\",\"publisher\":{\"@id\":\"https:\\\/\\\/lac.wetlands.org\\\/pt-br\\\/#organization\"},\"potentialAction\":[{\"@type\":\"SearchAction\",\"target\":{\"@type\":\"EntryPoint\",\"urlTemplate\":\"https:\\\/\\\/lac.wetlands.org\\\/pt-br\\\/?s={search_term_string}\"},\"query-input\":{\"@type\":\"PropertyValueSpecification\",\"valueRequired\":true,\"valueName\":\"search_term_string\"}}],\"inLanguage\":\"pt-BR\"},{\"@type\":\"Organization\",\"@id\":\"https:\\\/\\\/lac.wetlands.org\\\/pt-br\\\/#organization\",\"name\":\"Wetlands International Brazil\",\"url\":\"https:\\\/\\\/lac.wetlands.org\\\/pt-br\\\/\",\"logo\":{\"@type\":\"ImageObject\",\"inLanguage\":\"pt-BR\",\"@id\":\"https:\\\/\\\/lac.wetlands.org\\\/pt-br\\\/#\\\/schema\\\/logo\\\/image\\\/\",\"url\":\"https:\\\/\\\/lac.wetlands.org\\\/pt-br\\\/wp-content\\\/uploads\\\/sites\\\/5\\\/2024\\\/07\\\/Wetlands-International-logo-RGB-High-res-Transparente.png\",\"contentUrl\":\"https:\\\/\\\/lac.wetlands.org\\\/pt-br\\\/wp-content\\\/uploads\\\/sites\\\/5\\\/2024\\\/07\\\/Wetlands-International-logo-RGB-High-res-Transparente.png\",\"width\":1920,\"height\":949,\"caption\":\"Wetlands International Brazil\"},\"image\":{\"@id\":\"https:\\\/\\\/lac.wetlands.org\\\/pt-br\\\/#\\\/schema\\\/logo\\\/image\\\/\"},\"sameAs\":[\"https:\\\/\\\/www.facebook.com\\\/WetlandsIntBR\",\"https:\\\/\\\/www.instagram.com\\\/wetlandsintbr\\\/?hl=pt-br\\\/\",\"https:\\\/\\\/www.youtube.com\\\/channel\\\/UCQ0t8SqNdRY164b1jd2Vr5w\"]},{\"@type\":\"Person\",\"@id\":\"https:\\\/\\\/lac.wetlands.org\\\/pt-br\\\/#\\\/schema\\\/person\\\/95a0a5676baba83e8213ae74143c5efc\",\"name\":\"Igor\",\"url\":\"https:\\\/\\\/lac.wetlands.org\\\/pt-br\\\/author\\\/igor\\\/\"}]}<\/script>\n<!-- \/ Yoast SEO plugin. -->","yoast_head_json":{"title":"Marca Godidiko amplia circula\u00e7\u00e3o da arte e dos saberes Kadiw\u00e9u\u00a0 - Wetlands International Brazil","robots":{"index":"index","follow":"follow","max-snippet":"max-snippet:-1","max-image-preview":"max-image-preview:large","max-video-preview":"max-video-preview:-1"},"canonical":"https:\/\/lac.wetlands.org\/pt-br\/marca-godidiko-amplia-circulacao-da-arte-e-dos-saberes-kadiweu\/","og_locale":"pt_BR","og_type":"article","og_title":"Marca Godidiko amplia circula\u00e7\u00e3o da arte e dos saberes Kadiw\u00e9u\u00a0 - Wetlands International Brazil","og_description":"Com pe\u00e7as produzidas por artistas de quatro aldeias, iniciativa fortalece a produ\u00e7\u00e3o tradicional Kadiw\u00e9u e cria novas possibilidades de acesso a mercados&nbsp; A cer\u00e2mica, os grafismos e os saberes tradicionais Kadiw\u00e9u ganharam uma nova vitrine com o lan\u00e7amento da Godidiko, durante o Festival de Inverno de Bonito 2026 (FIB). Criada a partir do trabalho das [&hellip;]","og_url":"https:\/\/lac.wetlands.org\/pt-br\/marca-godidiko-amplia-circulacao-da-arte-e-dos-saberes-kadiweu\/","og_site_name":"Wetlands International Brazil","article_publisher":"https:\/\/www.facebook.com\/WetlandsIntBR","article_published_time":"2026-09-03T13:46:38+00:00","article_modified_time":"2026-09-04T13:56:19+00:00","og_image":[{"width":2364,"height":1330,"url":"https:\/\/lac.wetlands.org\/pt-br\/wp-content\/uploads\/sites\/5\/2026\/09\/IMG_9867.jpeg","type":"image\/jpeg"}],"author":"Igor","twitter_card":"summary_large_image","twitter_misc":{"Escrito por":"Igor","Est. tempo de leitura":"6 minutos"},"schema":{"@context":"https:\/\/schema.org","@graph":[{"@type":"Article","@id":"https:\/\/lac.wetlands.org\/pt-br\/marca-godidiko-amplia-circulacao-da-arte-e-dos-saberes-kadiweu\/#article","isPartOf":{"@id":"https:\/\/lac.wetlands.org\/pt-br\/marca-godidiko-amplia-circulacao-da-arte-e-dos-saberes-kadiweu\/"},"author":{"name":"Igor","@id":"https:\/\/lac.wetlands.org\/pt-br\/#\/schema\/person\/95a0a5676baba83e8213ae74143c5efc"},"headline":"Marca Godidiko amplia circula\u00e7\u00e3o da arte e dos saberes Kadiw\u00e9u\u00a0","datePublished":"2026-09-03T13:46:38+00:00","dateModified":"2026-09-04T13:56:19+00:00","mainEntityOfPage":{"@id":"https:\/\/lac.wetlands.org\/pt-br\/marca-godidiko-amplia-circulacao-da-arte-e-dos-saberes-kadiweu\/"},"wordCount":927,"publisher":{"@id":"https:\/\/lac.wetlands.org\/pt-br\/#organization"},"image":{"@id":"https:\/\/lac.wetlands.org\/pt-br\/marca-godidiko-amplia-circulacao-da-arte-e-dos-saberes-kadiweu\/#primaryimage"},"thumbnailUrl":"https:\/\/lac.wetlands.org\/pt-br\/wp-content\/uploads\/sites\/5\/2026\/09\/IMG_9867.jpeg","inLanguage":"pt-BR"},{"@type":"WebPage","@id":"https:\/\/lac.wetlands.org\/pt-br\/marca-godidiko-amplia-circulacao-da-arte-e-dos-saberes-kadiweu\/","url":"https:\/\/lac.wetlands.org\/pt-br\/marca-godidiko-amplia-circulacao-da-arte-e-dos-saberes-kadiweu\/","name":"Marca Godidiko amplia circula\u00e7\u00e3o da arte e dos saberes Kadiw\u00e9u\u00a0 - Wetlands International Brazil","isPartOf":{"@id":"https:\/\/lac.wetlands.org\/pt-br\/#website"},"primaryImageOfPage":{"@id":"https:\/\/lac.wetlands.org\/pt-br\/marca-godidiko-amplia-circulacao-da-arte-e-dos-saberes-kadiweu\/#primaryimage"},"image":{"@id":"https:\/\/lac.wetlands.org\/pt-br\/marca-godidiko-amplia-circulacao-da-arte-e-dos-saberes-kadiweu\/#primaryimage"},"thumbnailUrl":"https:\/\/lac.wetlands.org\/pt-br\/wp-content\/uploads\/sites\/5\/2026\/09\/IMG_9867.jpeg","datePublished":"2026-09-03T13:46:38+00:00","dateModified":"2026-09-04T13:56:19+00:00","breadcrumb":{"@id":"https:\/\/lac.wetlands.org\/pt-br\/marca-godidiko-amplia-circulacao-da-arte-e-dos-saberes-kadiweu\/#breadcrumb"},"inLanguage":"pt-BR","potentialAction":[{"@type":"ReadAction","target":["https:\/\/lac.wetlands.org\/pt-br\/marca-godidiko-amplia-circulacao-da-arte-e-dos-saberes-kadiweu\/"]}]},{"@type":"ImageObject","inLanguage":"pt-BR","@id":"https:\/\/lac.wetlands.org\/pt-br\/marca-godidiko-amplia-circulacao-da-arte-e-dos-saberes-kadiweu\/#primaryimage","url":"https:\/\/lac.wetlands.org\/pt-br\/wp-content\/uploads\/sites\/5\/2026\/09\/IMG_9867.jpeg","contentUrl":"https:\/\/lac.wetlands.org\/pt-br\/wp-content\/uploads\/sites\/5\/2026\/09\/IMG_9867.jpeg","width":2364,"height":1330,"caption":"Lan\u00e7amento Godidiko"},{"@type":"BreadcrumbList","@id":"https:\/\/lac.wetlands.org\/pt-br\/marca-godidiko-amplia-circulacao-da-arte-e-dos-saberes-kadiweu\/#breadcrumb","itemListElement":[{"@type":"ListItem","position":1,"name":"Home","item":"https:\/\/lac.wetlands.org\/pt-br\/"},{"@type":"ListItem","position":2,"name":"Marca Godidiko amplia circula\u00e7\u00e3o da arte e dos saberes Kadiw\u00e9u\u00a0"}]},{"@type":"WebSite","@id":"https:\/\/lac.wetlands.org\/pt-br\/#website","url":"https:\/\/lac.wetlands.org\/pt-br\/","name":"Wetlands International Brazil","description":"Para inspirar e mobilizar a sociedade a proteger e restaurar as \u00e1reas \u00famidas para as pessoas e a natureza.","publisher":{"@id":"https:\/\/lac.wetlands.org\/pt-br\/#organization"},"potentialAction":[{"@type":"SearchAction","target":{"@type":"EntryPoint","urlTemplate":"https:\/\/lac.wetlands.org\/pt-br\/?s={search_term_string}"},"query-input":{"@type":"PropertyValueSpecification","valueRequired":true,"valueName":"search_term_string"}}],"inLanguage":"pt-BR"},{"@type":"Organization","@id":"https:\/\/lac.wetlands.org\/pt-br\/#organization","name":"Wetlands International Brazil","url":"https:\/\/lac.wetlands.org\/pt-br\/","logo":{"@type":"ImageObject","inLanguage":"pt-BR","@id":"https:\/\/lac.wetlands.org\/pt-br\/#\/schema\/logo\/image\/","url":"https:\/\/lac.wetlands.org\/pt-br\/wp-content\/uploads\/sites\/5\/2024\/07\/Wetlands-International-logo-RGB-High-res-Transparente.png","contentUrl":"https:\/\/lac.wetlands.org\/pt-br\/wp-content\/uploads\/sites\/5\/2024\/07\/Wetlands-International-logo-RGB-High-res-Transparente.png","width":1920,"height":949,"caption":"Wetlands International Brazil"},"image":{"@id":"https:\/\/lac.wetlands.org\/pt-br\/#\/schema\/logo\/image\/"},"sameAs":["https:\/\/www.facebook.com\/WetlandsIntBR","https:\/\/www.instagram.com\/wetlandsintbr\/?hl=pt-br\/","https:\/\/www.youtube.com\/channel\/UCQ0t8SqNdRY164b1jd2Vr5w"]},{"@type":"Person","@id":"https:\/\/lac.wetlands.org\/pt-br\/#\/schema\/person\/95a0a5676baba83e8213ae74143c5efc","name":"Igor","url":"https:\/\/lac.wetlands.org\/pt-br\/author\/igor\/"}]}},"_links":{"self":[{"href":"https:\/\/lac.wetlands.org\/pt-br\/wp-json\/wp\/v2\/posts\/8619","targetHints":{"allow":["GET"]}}],"collection":[{"href":"https:\/\/lac.wetlands.org\/pt-br\/wp-json\/wp\/v2\/posts"}],"about":[{"href":"https:\/\/lac.wetlands.org\/pt-br\/wp-json\/wp\/v2\/types\/post"}],"author":[{"embeddable":true,"href":"https:\/\/lac.wetlands.org\/pt-br\/wp-json\/wp\/v2\/users\/40"}],"replies":[{"embeddable":true,"href":"https:\/\/lac.wetlands.org\/pt-br\/wp-json\/wp\/v2\/comments?post=8619"}],"version-history":[{"count":2,"href":"https:\/\/lac.wetlands.org\/pt-br\/wp-json\/wp\/v2\/posts\/8619\/revisions"}],"predecessor-version":[{"id":8628,"href":"https:\/\/lac.wetlands.org\/pt-br\/wp-json\/wp\/v2\/posts\/8619\/revisions\/8628"}],"wp:featuredmedia":[{"embeddable":true,"href":"https:\/\/lac.wetlands.org\/pt-br\/wp-json\/wp\/v2\/media\/8620"}],"wp:attachment":[{"href":"https:\/\/lac.wetlands.org\/pt-br\/wp-json\/wp\/v2\/media?parent=8619"}],"wp:term":[{"taxonomy":"wl_issue","embeddable":true,"href":"https:\/\/lac.wetlands.org\/pt-br\/wp-json\/wp\/v2\/wl_issue?post=8619"},{"taxonomy":"wl_topic","embeddable":true,"href":"https:\/\/lac.wetlands.org\/pt-br\/wp-json\/wp\/v2\/wl_topic?post=8619"},{"taxonomy":"wl_type","embeddable":true,"href":"https:\/\/lac.wetlands.org\/pt-br\/wp-json\/wp\/v2\/wl_type?post=8619"}],"curies":[{"name":"wp","href":"https:\/\/api.w.org\/{rel}","templated":true}]}}