{"id":8629,"date":"2026-09-04T10:32:18","date_gmt":"2026-09-04T14:32:18","guid":{"rendered":"https:\/\/lac.wetlands.org\/pt-br\/?p=8629"},"modified":"2026-09-04T11:16:31","modified_gmt":"2026-09-04T15:16:31","slug":"estudo-com-27-recomendacoes-propoem-novos-criterios-para-avaliacao-de-impactos-no-pantanal","status":"publish","type":"post","link":"https:\/\/lac.wetlands.org\/pt-br\/estudo-com-27-recomendacoes-propoem-novos-criterios-para-avaliacao-de-impactos-no-pantanal\/","title":{"rendered":"Estudo com 27 recomenda\u00e7\u00f5es prop\u00f5em novos crit\u00e9rios para avalia\u00e7\u00e3o de impactos no Pantanal\u00a0"},"content":{"rendered":"\n<p><em>Semin\u00e1rio Pantanal em Foco abre discuss\u00e3o com \u00f3rg\u00e3os p\u00fablicos, Justi\u00e7a, institui\u00e7\u00f5es financeiras, pesquisadores, comunidades tradicionais e sociedade civil&nbsp;<\/em>&nbsp;<\/p>\n\n\n\n<p>Um estudo que prop\u00f5e<strong> <\/strong>27 salvaguardas socioambientais para a avalia\u00e7\u00e3o de impactos ambientais na Bacia do Alto Paraguai e no Pantanal ser\u00e1 apresentado no dia 9 de setembro, durante o Semin\u00e1rio Pantanal em Foco: Impactos Socioambientais e Salvaguardas Aplic\u00e1veis ao Bioma. O evento acontece \u00e0s 14h, no audit\u00f3rio do Sebrae, em Campo Grande, e ser\u00e1 aberto a autoridades, especialistas, institui\u00e7\u00f5es e lideran\u00e7as ambientais.&nbsp;<\/p>\n\n\n\n<p>Intitulado \u201c27 Salvaguardas Socioambientais para a Conserva\u00e7\u00e3o e Gest\u00e3o do Bioma Pantanal e da Bacia do Alto Paraguai\u201d, o estudo re\u00fane informa\u00e7\u00f5es t\u00e9cnicas, an\u00e1lise do marco regulat\u00f3rio e propostas destinadas a diferentes setores que participam de processos de planejamento, licenciamento, financiamento e gest\u00e3o com potencial de impacto sobre o territ\u00f3rio.&nbsp;<\/p>\n\n\n\n<p>O estudo foi elaborado pela Wetlands International Brasil, Mupan \u2013 Mulheres e Lideran\u00e7as pelas \u00c1reas \u00damidas e Irigaray &amp; Associados \u2013 Advocacia Ambiental, combinando estudos t\u00e9cnicos sobre o Pantanal, experi\u00eancia territorial e conhecimento jur\u00eddico.&nbsp;<\/p>\n\n\n\n<p>O semin\u00e1rio marca a abertura de um processo de discuss\u00e3o sobre as 27 propostas identificadas.&nbsp;&nbsp;<\/p>\n\n\n\n<figure class=\"wp-block-image size-large\"><img loading=\"lazy\" decoding=\"async\" width=\"819\" height=\"1024\" src=\"https:\/\/lac.wetlands.org\/pt-br\/wp-content\/uploads\/sites\/5\/2026\/09\/convite-819x1024.jpeg\" alt=\"\" class=\"wp-image-8631\" srcset=\"https:\/\/lac.wetlands.org\/pt-br\/wp-content\/uploads\/sites\/5\/2026\/09\/convite-819x1024.jpeg 819w, https:\/\/lac.wetlands.org\/pt-br\/wp-content\/uploads\/sites\/5\/2026\/09\/convite-240x300.jpeg 240w, https:\/\/lac.wetlands.org\/pt-br\/wp-content\/uploads\/sites\/5\/2026\/09\/convite-768x960.jpeg 768w, https:\/\/lac.wetlands.org\/pt-br\/wp-content\/uploads\/sites\/5\/2026\/09\/convite.jpeg 1080w\" sizes=\"auto, (max-width: 819px) 100vw, 819px\" \/><\/figure>\n\n\n\n<p>\u201cAs salvaguardas s\u00e3o ferramentas para qualificar o di\u00e1logo e apoiar decis\u00f5es mais respons\u00e1veis sobre o Pantanal, aproximando o conhecimento t\u00e9cnico produzido a partir de nossas pesquisas e estudos da experi\u00eancia territorial e dos diferentes setores envolvidos na gest\u00e3o da Bacia do Alto Paraguai\u201d, Rafaela Nicola, diretora executiva da Wetlands International Brasil e diretora de estrat\u00e9gia, conhecimento e desenvolvimento institucional da Mupan.&nbsp;<\/p>\n\n\n\n<p>A iniciativa pretende colher contribui\u00e7\u00f5es de \u00f3rg\u00e3os licenciadores, Poder Executivo, sistema de Justi\u00e7a, institui\u00e7\u00f5es financeiras, institui\u00e7\u00f5es de pesquisa, povos e comunidades tradicionais e sociedade civil, permitindo que diferentes setores avaliem as recomenda\u00e7\u00f5es a partir de suas compet\u00eancias.&nbsp;<\/p>\n\n\n\n<p>As manifesta\u00e7\u00f5es ser\u00e3o sistematizadas e servir\u00e3o de base para revisar o estudo e adequ\u00e1-lo \u00e0 realidade dos setores respons\u00e1veis por sua aplica\u00e7\u00e3o, como explica a diretora geral da\u202fMupan\u202fe coordenadora de pol\u00edticas da\u202fWetlands\u202fInternational\u202fBrasil, \u00c1urea Garcia.&nbsp;<\/p>\n\n\n\n<p>\u201cA inten\u00e7\u00e3o tamb\u00e9m \u00e9 encaminhar formalmente o material \u00e0s institui\u00e7\u00f5es e colegiados com compet\u00eancia para discutir e decidir sobre quest\u00f5es relacionadas ao Pantanal, incluindo o Comit\u00ea Nacional de Zonas \u00damidas, o Conselho Nacional do Meio Ambiente, os conselhos estaduais de meio ambiente de Mato Grosso e Mato Grosso do Sul, para que as Salvaguardas possam servir de refer\u00eancia para iniciativas voltadas \u00e0 prote\u00e7\u00e3o de outras \u00e1reas \u00famidas\u201d<strong>.&nbsp;<\/strong>&nbsp;<\/p>\n\n\n\n<p><strong>O estudo parte de tr\u00eas frentes principais<\/strong>&nbsp;<\/p>\n\n\n\n<ul class=\"wp-block-list\">\n<li>A primeira \u00e9 o diagn\u00f3stico dos vetores de press\u00e3o que incidem sobre o Pantanal, com aten\u00e7\u00e3o especial aos impactos que come\u00e7am no planalto e podem alterar o volume, o tempo ou o caminho da \u00e1gua que chega \u00e0 plan\u00edcie.&nbsp;<\/li>\n<\/ul>\n\n\n\n<ul class=\"wp-block-list\">\n<li>A segunda \u00e9 a an\u00e1lise do marco legal relacionado \u00e0 conserva\u00e7\u00e3o e gest\u00e3o do bioma, considerando as conven\u00e7\u00f5es internacionais, a legisla\u00e7\u00e3o federal e as normas de Mato Grosso e Mato Grosso do Sul, apontando suas lacunas e avan\u00e7os. &nbsp;<\/li>\n<\/ul>\n\n\n\n<ul class=\"wp-block-list\">\n<li>A terceira \u00e9 a organiza\u00e7\u00e3o das 27 salvaguardas de acordo com seus destinat\u00e1rios, permitindo identificar quais recomenda\u00e7\u00f5es podem ser relacionadas \u00e0s compet\u00eancias de cada setor envolvido na tomada de decis\u00e3o.&nbsp;<\/li>\n<\/ul>\n\n\n\n<p><strong>Planalto e plan\u00edcie fazem parte do mesmo sistema<\/strong>&nbsp;<\/p>\n\n\n\n<p>Um dos pontos centrais do estudo \u00e9 a compreens\u00e3o do Pantanal como um sistema interconectado pela \u00e1gua. Altera\u00e7\u00f5es no planalto podem repercutir na plan\u00edcie, afetando o regime de inunda\u00e7\u00e3o, os ambientes naturais e as popula\u00e7\u00f5es que dependem desses territ\u00f3rios. Assim, a avalia\u00e7\u00e3o de impactos ambientais deve considerar a din\u00e2mica de toda a Bacia do Alto Paraguai, e n\u00e3o apenas o local onde determinada obra ou empreendimento que ser\u00e1 instalado.&nbsp;<\/p>\n\n\n\n<p>Entre os crit\u00e9rios propostos est\u00e3o a an\u00e1lise de impactos cumulativos, a interconectividade hidrol\u00f3gica e ecol\u00f3gica, os cen\u00e1rios clim\u00e1ticos e os efeitos de diferentes interven\u00e7\u00f5es sobre o funcionamento integrado da bacia.&nbsp;<\/p>\n\n\n\n<p>O conjunto de propostas destaca o fortalecimento dos Protocolos de Consulta, o reconhecimento dos conhecimentos tradicionais e locais e a participa\u00e7\u00e3o dos territ\u00f3rios afetados nas decis\u00f5es que possam interferir em seus modos de vida.&nbsp;<\/p>\n\n\n\n<p><strong>Servi\u00e7o<\/strong>&nbsp;<\/p>\n\n\n\n<p>Semin\u00e1rio Pantanal em Foco: Impactos Socioambientais e Salvaguardas Aplic\u00e1veis ao Bioma, acontece no dia 9 de setembro no Audit\u00f3rio do Sebrae\/MS, na Avenida Mato Grosso, 1661 em Campo Grande, \u00e0s 14h. <\/p>\n\n\n\n<p>As inscri\u00e7\u00f5es s\u00e3o gratuitas e podem ser realizadas <a href=\"https:\/\/forms.cloud.microsoft\/pages\/responsepage.aspx?id=dqbvKaAY9ECfDkVpjp0NqR2-sSnbC6JNiTPVVHN6GAVUQTQzREtGTlJRV0hDQUtOVEo2MzZTN09VQi4u&amp;route=shorturl\">neste link.<\/a><\/p>\n","protected":false},"excerpt":{"rendered":"<p>Semin\u00e1rio Pantanal em Foco abre discuss\u00e3o com \u00f3rg\u00e3os p\u00fablicos, Justi\u00e7a, institui\u00e7\u00f5es financeiras, pesquisadores, comunidades tradicionais e sociedade civil&nbsp;&nbsp; Um estudo que prop\u00f5e 27 salvaguardas socioambientais para a avalia\u00e7\u00e3o de impactos ambientais na Bacia do Alto Paraguai e no Pantanal ser\u00e1 apresentado no dia 9 de setembro, durante o Semin\u00e1rio Pantanal em Foco: Impactos Socioambientais e [&hellip;]<\/p>\n","protected":false},"author":40,"featured_media":8630,"comment_status":"closed","ping_status":"closed","sticky":false,"template":"","format":"standard","meta":{"_acf_changed":false,"_monsterinsights_skip_tracking":false,"_monsterinsights_sitenote_active":false,"_monsterinsights_sitenote_note":"","_monsterinsights_sitenote_category":0,"ep_exclude_from_search":false,"editor_notices":[],"footnotes":""},"wl_issue":[],"wl_topic":[],"wl_type":[],"class_list":["post-8629","post","type-post","status-publish","format-standard","has-post-thumbnail","hentry"],"acf":[],"yoast_head":"<!-- This site is optimized with the Yoast SEO plugin v28.3 - https:\/\/yoast.com\/product\/yoast-seo-wordpress\/ -->\n<title>Estudo com 27 recomenda\u00e7\u00f5es prop\u00f5em novos crit\u00e9rios para avalia\u00e7\u00e3o de impactos no Pantanal\u00a0 - Wetlands International Brazil<\/title>\n<meta name=\"robots\" content=\"index, follow, max-snippet:-1, max-image-preview:large, max-video-preview:-1\" \/>\n<link rel=\"canonical\" href=\"https:\/\/lac.wetlands.org\/pt-br\/estudo-com-27-recomendacoes-propoem-novos-criterios-para-avaliacao-de-impactos-no-pantanal\/\" \/>\n<meta property=\"og:locale\" content=\"pt_BR\" \/>\n<meta property=\"og:type\" content=\"article\" \/>\n<meta property=\"og:title\" content=\"Estudo com 27 recomenda\u00e7\u00f5es prop\u00f5em novos crit\u00e9rios para avalia\u00e7\u00e3o de impactos no Pantanal\u00a0 - Wetlands International Brazil\" \/>\n<meta property=\"og:description\" content=\"Semin\u00e1rio Pantanal em Foco abre discuss\u00e3o com \u00f3rg\u00e3os p\u00fablicos, Justi\u00e7a, institui\u00e7\u00f5es financeiras, pesquisadores, comunidades tradicionais e sociedade civil&nbsp;&nbsp; Um estudo que prop\u00f5e 27 salvaguardas socioambientais para a avalia\u00e7\u00e3o de impactos ambientais na Bacia do Alto Paraguai e no Pantanal ser\u00e1 apresentado no dia 9 de setembro, durante o Semin\u00e1rio Pantanal em Foco: Impactos Socioambientais e [&hellip;]\" \/>\n<meta property=\"og:url\" content=\"https:\/\/lac.wetlands.org\/pt-br\/estudo-com-27-recomendacoes-propoem-novos-criterios-para-avaliacao-de-impactos-no-pantanal\/\" \/>\n<meta property=\"og:site_name\" content=\"Wetlands International Brazil\" \/>\n<meta property=\"article:publisher\" content=\"https:\/\/www.facebook.com\/WetlandsIntBR\" \/>\n<meta property=\"article:published_time\" content=\"2026-09-04T14:32:18+00:00\" \/>\n<meta property=\"article:modified_time\" content=\"2026-09-04T15:16:31+00:00\" \/>\n<meta property=\"og:image\" content=\"https:\/\/lac.wetlands.org\/pt-br\/wp-content\/uploads\/sites\/5\/2026\/09\/IMG-FUNDO-1024x753.png\" \/>\n\t<meta property=\"og:image:width\" content=\"1024\" \/>\n\t<meta property=\"og:image:height\" content=\"753\" \/>\n\t<meta property=\"og:image:type\" content=\"image\/png\" \/>\n<meta name=\"author\" content=\"Igor\" \/>\n<meta name=\"twitter:card\" content=\"summary_large_image\" \/>\n<meta name=\"twitter:label1\" content=\"Escrito por\" \/>\n\t<meta name=\"twitter:data1\" content=\"Igor\" \/>\n\t<meta name=\"twitter:label2\" content=\"Est. tempo de leitura\" \/>\n\t<meta name=\"twitter:data2\" content=\"5 minutos\" \/>\n<script type=\"application\/ld+json\" class=\"yoast-schema-graph\">{\"@context\":\"https:\\\/\\\/schema.org\",\"@graph\":[{\"@type\":\"Article\",\"@id\":\"https:\\\/\\\/lac.wetlands.org\\\/pt-br\\\/estudo-com-27-recomendacoes-propoem-novos-criterios-para-avaliacao-de-impactos-no-pantanal\\\/#article\",\"isPartOf\":{\"@id\":\"https:\\\/\\\/lac.wetlands.org\\\/pt-br\\\/estudo-com-27-recomendacoes-propoem-novos-criterios-para-avaliacao-de-impactos-no-pantanal\\\/\"},\"author\":{\"name\":\"Igor\",\"@id\":\"https:\\\/\\\/lac.wetlands.org\\\/pt-br\\\/#\\\/schema\\\/person\\\/95a0a5676baba83e8213ae74143c5efc\"},\"headline\":\"Estudo com 27 recomenda\u00e7\u00f5es prop\u00f5em novos crit\u00e9rios para avalia\u00e7\u00e3o de impactos no Pantanal\u00a0\",\"datePublished\":\"2026-09-04T14:32:18+00:00\",\"dateModified\":\"2026-09-04T15:16:31+00:00\",\"mainEntityOfPage\":{\"@id\":\"https:\\\/\\\/lac.wetlands.org\\\/pt-br\\\/estudo-com-27-recomendacoes-propoem-novos-criterios-para-avaliacao-de-impactos-no-pantanal\\\/\"},\"wordCount\":802,\"publisher\":{\"@id\":\"https:\\\/\\\/lac.wetlands.org\\\/pt-br\\\/#organization\"},\"image\":{\"@id\":\"https:\\\/\\\/lac.wetlands.org\\\/pt-br\\\/estudo-com-27-recomendacoes-propoem-novos-criterios-para-avaliacao-de-impactos-no-pantanal\\\/#primaryimage\"},\"thumbnailUrl\":\"https:\\\/\\\/lac.wetlands.org\\\/pt-br\\\/wp-content\\\/uploads\\\/sites\\\/5\\\/2026\\\/09\\\/IMG-FUNDO.png\",\"inLanguage\":\"pt-BR\"},{\"@type\":\"WebPage\",\"@id\":\"https:\\\/\\\/lac.wetlands.org\\\/pt-br\\\/estudo-com-27-recomendacoes-propoem-novos-criterios-para-avaliacao-de-impactos-no-pantanal\\\/\",\"url\":\"https:\\\/\\\/lac.wetlands.org\\\/pt-br\\\/estudo-com-27-recomendacoes-propoem-novos-criterios-para-avaliacao-de-impactos-no-pantanal\\\/\",\"name\":\"Estudo com 27 recomenda\u00e7\u00f5es prop\u00f5em novos crit\u00e9rios para avalia\u00e7\u00e3o de impactos no Pantanal\u00a0 - Wetlands International Brazil\",\"isPartOf\":{\"@id\":\"https:\\\/\\\/lac.wetlands.org\\\/pt-br\\\/#website\"},\"primaryImageOfPage\":{\"@id\":\"https:\\\/\\\/lac.wetlands.org\\\/pt-br\\\/estudo-com-27-recomendacoes-propoem-novos-criterios-para-avaliacao-de-impactos-no-pantanal\\\/#primaryimage\"},\"image\":{\"@id\":\"https:\\\/\\\/lac.wetlands.org\\\/pt-br\\\/estudo-com-27-recomendacoes-propoem-novos-criterios-para-avaliacao-de-impactos-no-pantanal\\\/#primaryimage\"},\"thumbnailUrl\":\"https:\\\/\\\/lac.wetlands.org\\\/pt-br\\\/wp-content\\\/uploads\\\/sites\\\/5\\\/2026\\\/09\\\/IMG-FUNDO.png\",\"datePublished\":\"2026-09-04T14:32:18+00:00\",\"dateModified\":\"2026-09-04T15:16:31+00:00\",\"breadcrumb\":{\"@id\":\"https:\\\/\\\/lac.wetlands.org\\\/pt-br\\\/estudo-com-27-recomendacoes-propoem-novos-criterios-para-avaliacao-de-impactos-no-pantanal\\\/#breadcrumb\"},\"inLanguage\":\"pt-BR\",\"potentialAction\":[{\"@type\":\"ReadAction\",\"target\":[\"https:\\\/\\\/lac.wetlands.org\\\/pt-br\\\/estudo-com-27-recomendacoes-propoem-novos-criterios-para-avaliacao-de-impactos-no-pantanal\\\/\"]}]},{\"@type\":\"ImageObject\",\"inLanguage\":\"pt-BR\",\"@id\":\"https:\\\/\\\/lac.wetlands.org\\\/pt-br\\\/estudo-com-27-recomendacoes-propoem-novos-criterios-para-avaliacao-de-impactos-no-pantanal\\\/#primaryimage\",\"url\":\"https:\\\/\\\/lac.wetlands.org\\\/pt-br\\\/wp-content\\\/uploads\\\/sites\\\/5\\\/2026\\\/09\\\/IMG-FUNDO.png\",\"contentUrl\":\"https:\\\/\\\/lac.wetlands.org\\\/pt-br\\\/wp-content\\\/uploads\\\/sites\\\/5\\\/2026\\\/09\\\/IMG-FUNDO.png\",\"width\":1836,\"height\":1350},{\"@type\":\"BreadcrumbList\",\"@id\":\"https:\\\/\\\/lac.wetlands.org\\\/pt-br\\\/estudo-com-27-recomendacoes-propoem-novos-criterios-para-avaliacao-de-impactos-no-pantanal\\\/#breadcrumb\",\"itemListElement\":[{\"@type\":\"ListItem\",\"position\":1,\"name\":\"Home\",\"item\":\"https:\\\/\\\/lac.wetlands.org\\\/pt-br\\\/\"},{\"@type\":\"ListItem\",\"position\":2,\"name\":\"Estudo com 27 recomenda\u00e7\u00f5es prop\u00f5em novos crit\u00e9rios para avalia\u00e7\u00e3o de impactos no Pantanal\u00a0\"}]},{\"@type\":\"WebSite\",\"@id\":\"https:\\\/\\\/lac.wetlands.org\\\/pt-br\\\/#website\",\"url\":\"https:\\\/\\\/lac.wetlands.org\\\/pt-br\\\/\",\"name\":\"Wetlands International Brazil\",\"description\":\"Para inspirar e mobilizar a sociedade a proteger e restaurar as \u00e1reas \u00famidas para as pessoas e a natureza.\",\"publisher\":{\"@id\":\"https:\\\/\\\/lac.wetlands.org\\\/pt-br\\\/#organization\"},\"potentialAction\":[{\"@type\":\"SearchAction\",\"target\":{\"@type\":\"EntryPoint\",\"urlTemplate\":\"https:\\\/\\\/lac.wetlands.org\\\/pt-br\\\/?s={search_term_string}\"},\"query-input\":{\"@type\":\"PropertyValueSpecification\",\"valueRequired\":true,\"valueName\":\"search_term_string\"}}],\"inLanguage\":\"pt-BR\"},{\"@type\":\"Organization\",\"@id\":\"https:\\\/\\\/lac.wetlands.org\\\/pt-br\\\/#organization\",\"name\":\"Wetlands International Brazil\",\"url\":\"https:\\\/\\\/lac.wetlands.org\\\/pt-br\\\/\",\"logo\":{\"@type\":\"ImageObject\",\"inLanguage\":\"pt-BR\",\"@id\":\"https:\\\/\\\/lac.wetlands.org\\\/pt-br\\\/#\\\/schema\\\/logo\\\/image\\\/\",\"url\":\"https:\\\/\\\/lac.wetlands.org\\\/pt-br\\\/wp-content\\\/uploads\\\/sites\\\/5\\\/2024\\\/07\\\/Wetlands-International-logo-RGB-High-res-Transparente.png\",\"contentUrl\":\"https:\\\/\\\/lac.wetlands.org\\\/pt-br\\\/wp-content\\\/uploads\\\/sites\\\/5\\\/2024\\\/07\\\/Wetlands-International-logo-RGB-High-res-Transparente.png\",\"width\":1920,\"height\":949,\"caption\":\"Wetlands International Brazil\"},\"image\":{\"@id\":\"https:\\\/\\\/lac.wetlands.org\\\/pt-br\\\/#\\\/schema\\\/logo\\\/image\\\/\"},\"sameAs\":[\"https:\\\/\\\/www.facebook.com\\\/WetlandsIntBR\",\"https:\\\/\\\/www.instagram.com\\\/wetlandsintbr\\\/?hl=pt-br\\\/\",\"https:\\\/\\\/www.youtube.com\\\/channel\\\/UCQ0t8SqNdRY164b1jd2Vr5w\"]},{\"@type\":\"Person\",\"@id\":\"https:\\\/\\\/lac.wetlands.org\\\/pt-br\\\/#\\\/schema\\\/person\\\/95a0a5676baba83e8213ae74143c5efc\",\"name\":\"Igor\",\"url\":\"https:\\\/\\\/lac.wetlands.org\\\/pt-br\\\/author\\\/igor\\\/\"}]}<\/script>\n<!-- \/ Yoast SEO plugin. -->","yoast_head_json":{"title":"Estudo com 27 recomenda\u00e7\u00f5es prop\u00f5em novos crit\u00e9rios para avalia\u00e7\u00e3o de impactos no Pantanal\u00a0 - Wetlands International Brazil","robots":{"index":"index","follow":"follow","max-snippet":"max-snippet:-1","max-image-preview":"max-image-preview:large","max-video-preview":"max-video-preview:-1"},"canonical":"https:\/\/lac.wetlands.org\/pt-br\/estudo-com-27-recomendacoes-propoem-novos-criterios-para-avaliacao-de-impactos-no-pantanal\/","og_locale":"pt_BR","og_type":"article","og_title":"Estudo com 27 recomenda\u00e7\u00f5es prop\u00f5em novos crit\u00e9rios para avalia\u00e7\u00e3o de impactos no Pantanal\u00a0 - Wetlands International Brazil","og_description":"Semin\u00e1rio Pantanal em Foco abre discuss\u00e3o com \u00f3rg\u00e3os p\u00fablicos, Justi\u00e7a, institui\u00e7\u00f5es financeiras, pesquisadores, comunidades tradicionais e sociedade civil&nbsp;&nbsp; Um estudo que prop\u00f5e 27 salvaguardas socioambientais para a avalia\u00e7\u00e3o de impactos ambientais na Bacia do Alto Paraguai e no Pantanal ser\u00e1 apresentado no dia 9 de setembro, durante o Semin\u00e1rio Pantanal em Foco: Impactos Socioambientais e [&hellip;]","og_url":"https:\/\/lac.wetlands.org\/pt-br\/estudo-com-27-recomendacoes-propoem-novos-criterios-para-avaliacao-de-impactos-no-pantanal\/","og_site_name":"Wetlands International Brazil","article_publisher":"https:\/\/www.facebook.com\/WetlandsIntBR","article_published_time":"2026-09-04T14:32:18+00:00","article_modified_time":"2026-09-04T15:16:31+00:00","og_image":[{"width":1024,"height":753,"url":"https:\/\/lac.wetlands.org\/pt-br\/wp-content\/uploads\/sites\/5\/2026\/09\/IMG-FUNDO-1024x753.png","type":"image\/png"}],"author":"Igor","twitter_card":"summary_large_image","twitter_misc":{"Escrito por":"Igor","Est. tempo de leitura":"5 minutos"},"schema":{"@context":"https:\/\/schema.org","@graph":[{"@type":"Article","@id":"https:\/\/lac.wetlands.org\/pt-br\/estudo-com-27-recomendacoes-propoem-novos-criterios-para-avaliacao-de-impactos-no-pantanal\/#article","isPartOf":{"@id":"https:\/\/lac.wetlands.org\/pt-br\/estudo-com-27-recomendacoes-propoem-novos-criterios-para-avaliacao-de-impactos-no-pantanal\/"},"author":{"name":"Igor","@id":"https:\/\/lac.wetlands.org\/pt-br\/#\/schema\/person\/95a0a5676baba83e8213ae74143c5efc"},"headline":"Estudo com 27 recomenda\u00e7\u00f5es prop\u00f5em novos crit\u00e9rios para avalia\u00e7\u00e3o de impactos no Pantanal\u00a0","datePublished":"2026-09-04T14:32:18+00:00","dateModified":"2026-09-04T15:16:31+00:00","mainEntityOfPage":{"@id":"https:\/\/lac.wetlands.org\/pt-br\/estudo-com-27-recomendacoes-propoem-novos-criterios-para-avaliacao-de-impactos-no-pantanal\/"},"wordCount":802,"publisher":{"@id":"https:\/\/lac.wetlands.org\/pt-br\/#organization"},"image":{"@id":"https:\/\/lac.wetlands.org\/pt-br\/estudo-com-27-recomendacoes-propoem-novos-criterios-para-avaliacao-de-impactos-no-pantanal\/#primaryimage"},"thumbnailUrl":"https:\/\/lac.wetlands.org\/pt-br\/wp-content\/uploads\/sites\/5\/2026\/09\/IMG-FUNDO.png","inLanguage":"pt-BR"},{"@type":"WebPage","@id":"https:\/\/lac.wetlands.org\/pt-br\/estudo-com-27-recomendacoes-propoem-novos-criterios-para-avaliacao-de-impactos-no-pantanal\/","url":"https:\/\/lac.wetlands.org\/pt-br\/estudo-com-27-recomendacoes-propoem-novos-criterios-para-avaliacao-de-impactos-no-pantanal\/","name":"Estudo com 27 recomenda\u00e7\u00f5es prop\u00f5em novos crit\u00e9rios para avalia\u00e7\u00e3o de impactos no Pantanal\u00a0 - Wetlands International Brazil","isPartOf":{"@id":"https:\/\/lac.wetlands.org\/pt-br\/#website"},"primaryImageOfPage":{"@id":"https:\/\/lac.wetlands.org\/pt-br\/estudo-com-27-recomendacoes-propoem-novos-criterios-para-avaliacao-de-impactos-no-pantanal\/#primaryimage"},"image":{"@id":"https:\/\/lac.wetlands.org\/pt-br\/estudo-com-27-recomendacoes-propoem-novos-criterios-para-avaliacao-de-impactos-no-pantanal\/#primaryimage"},"thumbnailUrl":"https:\/\/lac.wetlands.org\/pt-br\/wp-content\/uploads\/sites\/5\/2026\/09\/IMG-FUNDO.png","datePublished":"2026-09-04T14:32:18+00:00","dateModified":"2026-09-04T15:16:31+00:00","breadcrumb":{"@id":"https:\/\/lac.wetlands.org\/pt-br\/estudo-com-27-recomendacoes-propoem-novos-criterios-para-avaliacao-de-impactos-no-pantanal\/#breadcrumb"},"inLanguage":"pt-BR","potentialAction":[{"@type":"ReadAction","target":["https:\/\/lac.wetlands.org\/pt-br\/estudo-com-27-recomendacoes-propoem-novos-criterios-para-avaliacao-de-impactos-no-pantanal\/"]}]},{"@type":"ImageObject","inLanguage":"pt-BR","@id":"https:\/\/lac.wetlands.org\/pt-br\/estudo-com-27-recomendacoes-propoem-novos-criterios-para-avaliacao-de-impactos-no-pantanal\/#primaryimage","url":"https:\/\/lac.wetlands.org\/pt-br\/wp-content\/uploads\/sites\/5\/2026\/09\/IMG-FUNDO.png","contentUrl":"https:\/\/lac.wetlands.org\/pt-br\/wp-content\/uploads\/sites\/5\/2026\/09\/IMG-FUNDO.png","width":1836,"height":1350},{"@type":"BreadcrumbList","@id":"https:\/\/lac.wetlands.org\/pt-br\/estudo-com-27-recomendacoes-propoem-novos-criterios-para-avaliacao-de-impactos-no-pantanal\/#breadcrumb","itemListElement":[{"@type":"ListItem","position":1,"name":"Home","item":"https:\/\/lac.wetlands.org\/pt-br\/"},{"@type":"ListItem","position":2,"name":"Estudo com 27 recomenda\u00e7\u00f5es prop\u00f5em novos crit\u00e9rios para avalia\u00e7\u00e3o de impactos no Pantanal\u00a0"}]},{"@type":"WebSite","@id":"https:\/\/lac.wetlands.org\/pt-br\/#website","url":"https:\/\/lac.wetlands.org\/pt-br\/","name":"Wetlands International Brazil","description":"Para inspirar e mobilizar a sociedade a proteger e restaurar as \u00e1reas \u00famidas para as pessoas e a natureza.","publisher":{"@id":"https:\/\/lac.wetlands.org\/pt-br\/#organization"},"potentialAction":[{"@type":"SearchAction","target":{"@type":"EntryPoint","urlTemplate":"https:\/\/lac.wetlands.org\/pt-br\/?s={search_term_string}"},"query-input":{"@type":"PropertyValueSpecification","valueRequired":true,"valueName":"search_term_string"}}],"inLanguage":"pt-BR"},{"@type":"Organization","@id":"https:\/\/lac.wetlands.org\/pt-br\/#organization","name":"Wetlands International Brazil","url":"https:\/\/lac.wetlands.org\/pt-br\/","logo":{"@type":"ImageObject","inLanguage":"pt-BR","@id":"https:\/\/lac.wetlands.org\/pt-br\/#\/schema\/logo\/image\/","url":"https:\/\/lac.wetlands.org\/pt-br\/wp-content\/uploads\/sites\/5\/2024\/07\/Wetlands-International-logo-RGB-High-res-Transparente.png","contentUrl":"https:\/\/lac.wetlands.org\/pt-br\/wp-content\/uploads\/sites\/5\/2024\/07\/Wetlands-International-logo-RGB-High-res-Transparente.png","width":1920,"height":949,"caption":"Wetlands International Brazil"},"image":{"@id":"https:\/\/lac.wetlands.org\/pt-br\/#\/schema\/logo\/image\/"},"sameAs":["https:\/\/www.facebook.com\/WetlandsIntBR","https:\/\/www.instagram.com\/wetlandsintbr\/?hl=pt-br\/","https:\/\/www.youtube.com\/channel\/UCQ0t8SqNdRY164b1jd2Vr5w"]},{"@type":"Person","@id":"https:\/\/lac.wetlands.org\/pt-br\/#\/schema\/person\/95a0a5676baba83e8213ae74143c5efc","name":"Igor","url":"https:\/\/lac.wetlands.org\/pt-br\/author\/igor\/"}]}},"_links":{"self":[{"href":"https:\/\/lac.wetlands.org\/pt-br\/wp-json\/wp\/v2\/posts\/8629","targetHints":{"allow":["GET"]}}],"collection":[{"href":"https:\/\/lac.wetlands.org\/pt-br\/wp-json\/wp\/v2\/posts"}],"about":[{"href":"https:\/\/lac.wetlands.org\/pt-br\/wp-json\/wp\/v2\/types\/post"}],"author":[{"embeddable":true,"href":"https:\/\/lac.wetlands.org\/pt-br\/wp-json\/wp\/v2\/users\/40"}],"replies":[{"embeddable":true,"href":"https:\/\/lac.wetlands.org\/pt-br\/wp-json\/wp\/v2\/comments?post=8629"}],"version-history":[{"count":2,"href":"https:\/\/lac.wetlands.org\/pt-br\/wp-json\/wp\/v2\/posts\/8629\/revisions"}],"predecessor-version":[{"id":8633,"href":"https:\/\/lac.wetlands.org\/pt-br\/wp-json\/wp\/v2\/posts\/8629\/revisions\/8633"}],"wp:featuredmedia":[{"embeddable":true,"href":"https:\/\/lac.wetlands.org\/pt-br\/wp-json\/wp\/v2\/media\/8630"}],"wp:attachment":[{"href":"https:\/\/lac.wetlands.org\/pt-br\/wp-json\/wp\/v2\/media?parent=8629"}],"wp:term":[{"taxonomy":"wl_issue","embeddable":true,"href":"https:\/\/lac.wetlands.org\/pt-br\/wp-json\/wp\/v2\/wl_issue?post=8629"},{"taxonomy":"wl_topic","embeddable":true,"href":"https:\/\/lac.wetlands.org\/pt-br\/wp-json\/wp\/v2\/wl_topic?post=8629"},{"taxonomy":"wl_type","embeddable":true,"href":"https:\/\/lac.wetlands.org\/pt-br\/wp-json\/wp\/v2\/wl_type?post=8629"}],"curies":[{"name":"wp","href":"https:\/\/api.w.org\/{rel}","templated":true}]}}